{"id":3182,"date":"2022-10-07T11:53:00","date_gmt":"2022-10-07T11:53:00","guid":{"rendered":"https:\/\/blognoticias.ecca.edu.es\/fundacion-canaria-cajasiete-pedro-modesto-campos-becara-la-formacion-de-alumnado-de-radio-ecca\/"},"modified":"2022-10-07T11:53:00","modified_gmt":"2022-10-07T11:53:00","slug":"fundacion-canaria-cajasiete-pedro-modesto-campos-becara-la-formacion-de-alumnado-de-radio-ecca","status":"publish","type":"post","link":"https:\/\/blognoticias.ecca.edu.es\/en\/fundacion-canaria-cajasiete-pedro-modesto-campos-becara-la-formacion-de-alumnado-de-radio-ecca\/","title":{"rendered":"Fundaci\u00f3n Canaria Cajasiete-Pedro Modesto Campos becar\u00e1 la formaci\u00f3n de alumnado de Radio ECCA"},"content":{"rendered":"<div class='booster-block booster-read-block'>\n                <div class=\"twp-read-time\">\n                \t<i class=\"booster-icon twp-clock\"><\/i> <span>Tiempo de lectura:<\/span>1 Minutos, 35 Segundos                <\/div>\n\n            <\/div><p style=\"text-align: justify;\">El presidente de la Fundaci\u00f3n Canaria Cajasiete-Pedro Modesto Campos, y el director general de la Fundaci\u00f3n Canaria Radio ECCA, Fernando Berge y Jos\u00e9 Mar\u00eda Segura, han firmado un acuerdo mediante el cual la primera incentivar\u00e1 a los futuros estudiantes, garantizando la igualdad de oportunidades y premiando la excelencia acad\u00e9mica de los tres mejores expedientes de los diferentes niveles formativos, Graduado en Educaci\u00f3n Secundaria, Bachillerato y el Ciclo Superior de Integraci\u00f3n Social dentro del Proyecto F\u00f3rmate.<\/p>\n<\/p>\n<div style=\"clear: both; text-align: center;\"><a href=\"https:\/\/blogger.googleusercontent.com\/img\/b\/R29vZ2xl\/AVvXsEgaTArosJ2yes1ekN6iHGN8uKCkiTlSz5FbI_ZNufuNqxIFk4iXJuKM5WdTwdY4VuNQ3jbcQdnMmpcd89BP3DESYB3-HZCDAS0jyJOkLEZ5cK8doAQz5QMwcom0STUcpmIB28Va7rGS66WDcRdlnGIUdsZmNtlYBAbfg22RM54ZsFvNARHjOCZxEDwW\/s6000\/IMG_2871.JPG\" style=\"clear: left; float: left; margin-bottom: 1em; margin-right: 1em; text-align: justify;\"><img loading=\"lazy\" decoding=\"async\" border=\"0\" data-original-height=\"4000\" data-original-width=\"6000\" height=\"213\" src=\"https:\/\/blogger.googleusercontent.com\/img\/b\/R29vZ2xl\/AVvXsEgaTArosJ2yes1ekN6iHGN8uKCkiTlSz5FbI_ZNufuNqxIFk4iXJuKM5WdTwdY4VuNQ3jbcQdnMmpcd89BP3DESYB3-HZCDAS0jyJOkLEZ5cK8doAQz5QMwcom0STUcpmIB28Va7rGS66WDcRdlnGIUdsZmNtlYBAbfg22RM54ZsFvNARHjOCZxEDwW\/s320\/IMG_2871.JPG\" width=\"320\" \/><\/a><\/div>\n<\/p>\n<p style=\"text-align: justify;\">El proyecto F\u00f3rmate surge de la iniciativa de un grupo de profesores\/as y voluntarios\/as de Radio ECCA con el objetivo de informar y motivar a la poblaci\u00f3n adulta para elevar su nivel cultural que le permita tener mejores oportunidades laborales en un futuro.<\/p>\n<p style=\"text-align: justify;\">El convenio se enmarca dentro de los fines y actuaciones de la Fundaci\u00f3n Cajasiete-Pedro Modesto Campos, que incluyen la colaboraci\u00f3n en programas o actividades relacionados con la formaci\u00f3n, desde escolares hasta p\u00fablico en general con escasos recursos econ\u00f3micos, lo que permite a las personas la adquisici\u00f3n de los conocimientos para su acceso o reinserci\u00f3n en el mercado laboral.<\/p>\n<p style=\"text-align: justify;\">\u00abContar con una entidad como Cajasiete nos permite llevar la formaci\u00f3n a quien lo necesita. Y esto encaja perfectamente en nuestra misi\u00f3n. Por eso es tan importante esta alianza\u00bb, indic\u00f3 Jos\u00e9 Manuel Segura, tras la firma del acuerdo.<\/p>\n<p style=\"text-align: justify;\">Berge, por su parte, anunci\u00f3 que la entidad no quiere dejar atr\u00e1s a las personas a las que les cuesta adaptarse a la Tecnolog\u00eda. \u00abSeguimos ofreciendo un trato personal. Por eso no hemos cerrado oficinas\u00bb. Inform\u00f3, adem\u00e1s, de que el 15 % de los beneficios los destinan a acciones de tipo social, cultural a trav\u00e9s de los fondos de educaci\u00f3n y promoci\u00f3n cooperativa. \u00abHemos hecho otras colaboraciones con Radio ECCA, porque ocupa un segmento de poblaci\u00f3n importante. El fen\u00f3meno de la digitalizaci\u00f3n es imparable y quien no se adapte va a tener serios problemas para ocupar un puesto de trabajo\u00bb.<\/p>","protected":false},"excerpt":{"rendered":"<p>El presidente de la Fundaci\u00f3n Canaria Cajasiete-Pedro Modesto Campos, y el director general de la Fundaci\u00f3n Canaria Radio ECCA, Fernando Berge y Jos\u00e9 Mar\u00eda Segura, han firmado un acuerdo mediante el cual la primera incentivar\u00e1 a los futuros estudiantes, garantizando la igualdad de oportunidades y premiando la excelencia acad\u00e9mica de los tres mejores expedientes de [&hellip;]<\/p>","protected":false},"author":1,"featured_media":0,"comment_status":"","ping_status":"","sticky":false,"template":"","format":"standard","meta":{"footnotes":""},"categories":[102,103,106],"tags":[],"class_list":["post-3182","post","type-post","status-publish","format-standard","hentry","category-comunicacion","category-comunicacion-ecca","category-relevante"],"yoast_head":"<!-- This site is optimized with the Yoast SEO plugin v25.9 - https:\/\/yoast.com\/wordpress\/plugins\/seo\/ -->\n<title>Fundaci\u00f3n Canaria Cajasiete-Pedro Modesto Campos becar\u00e1 la formaci\u00f3n de alumnado de Radio ECCA<\/title>\n<meta name=\"robots\" content=\"index, follow, max-snippet:-1, max-image-preview:large, max-video-preview:-1\" \/>\n<link rel=\"canonical\" href=\"https:\/\/blognoticias.ecca.edu.es\/en\/fundacion-canaria-cajasiete-pedro-modesto-campos-becara-la-formacion-de-alumnado-de-radio-ecca\/\" \/>\n<meta property=\"og:locale\" content=\"en_GB\" \/>\n<meta property=\"og:type\" content=\"article\" \/>\n<meta property=\"og:title\" content=\"Fundaci\u00f3n Canaria Cajasiete-Pedro Modesto Campos becar\u00e1 la formaci\u00f3n de alumnado de Radio ECCA\" \/>\n<meta property=\"og:description\" content=\"El presidente de la Fundaci\u00f3n Canaria Cajasiete-Pedro Modesto Campos, y el director general de la Fundaci\u00f3n Canaria Radio ECCA, Fernando Berge y Jos\u00e9 Mar\u00eda Segura, han firmado un acuerdo mediante el cual la primera incentivar\u00e1 a los futuros estudiantes, garantizando la igualdad de oportunidades y premiando la excelencia acad\u00e9mica de los tres mejores expedientes de [&hellip;]\" \/>\n<meta property=\"og:url\" content=\"https:\/\/blognoticias.ecca.edu.es\/en\/fundacion-canaria-cajasiete-pedro-modesto-campos-becara-la-formacion-de-alumnado-de-radio-ecca\/\" \/>\n<meta property=\"og:site_name\" content=\"Blog Noticias Ecca\" \/>\n<meta property=\"article:publisher\" content=\"https:\/\/www.facebook.com\/ecca.edu.es\" \/>\n<meta property=\"article:published_time\" content=\"2022-10-07T11:53:00+00:00\" \/>\n<meta property=\"og:image\" content=\"https:\/\/blogger.googleusercontent.com\/img\/b\/R29vZ2xl\/AVvXsEgaTArosJ2yes1ekN6iHGN8uKCkiTlSz5FbI_ZNufuNqxIFk4iXJuKM5WdTwdY4VuNQ3jbcQdnMmpcd89BP3DESYB3-HZCDAS0jyJOkLEZ5cK8doAQz5QMwcom0STUcpmIB28Va7rGS66WDcRdlnGIUdsZmNtlYBAbfg22RM54ZsFvNARHjOCZxEDwW\/s320\/IMG_2871.JPG\" \/>\n<meta name=\"author\" content=\"ECCA\" \/>\n<meta name=\"twitter:card\" content=\"summary_large_image\" \/>\n<meta name=\"twitter:creator\" content=\"@eccaedu\" \/>\n<meta name=\"twitter:site\" content=\"@eccaedu\" \/>\n<meta name=\"twitter:label1\" content=\"Written by\" \/>\n\t<meta name=\"twitter:data1\" content=\"ECCA\" \/>\n\t<meta name=\"twitter:label2\" content=\"Estimated reading time\" \/>\n\t<meta name=\"twitter:data2\" content=\"2 minutes\" \/>\n<script type=\"application\/ld+json\" class=\"yoast-schema-graph\">{\"@context\":\"https:\/\/schema.org\",\"@graph\":[{\"@type\":\"Article\",\"@id\":\"https:\/\/blognoticias.ecca.edu.es\/fundacion-canaria-cajasiete-pedro-modesto-campos-becara-la-formacion-de-alumnado-de-radio-ecca\/#article\",\"isPartOf\":{\"@id\":\"https:\/\/blognoticias.ecca.edu.es\/fundacion-canaria-cajasiete-pedro-modesto-campos-becara-la-formacion-de-alumnado-de-radio-ecca\/\"},\"author\":{\"name\":\"ECCA\",\"@id\":\"https:\/\/blognoticias.ecca.edu.es\/#\/schema\/person\/2f67aec1e9c175158bc25ac844a022ce\"},\"headline\":\"Fundaci\u00f3n Canaria Cajasiete-Pedro Modesto Campos becar\u00e1 la formaci\u00f3n de alumnado de Radio ECCA\",\"datePublished\":\"2022-10-07T11:53:00+00:00\",\"mainEntityOfPage\":{\"@id\":\"https:\/\/blognoticias.ecca.edu.es\/fundacion-canaria-cajasiete-pedro-modesto-campos-becara-la-formacion-de-alumnado-de-radio-ecca\/\"},\"wordCount\":356,\"publisher\":{\"@id\":\"https:\/\/blognoticias.ecca.edu.es\/#organization\"},\"image\":{\"@id\":\"https:\/\/blognoticias.ecca.edu.es\/fundacion-canaria-cajasiete-pedro-modesto-campos-becara-la-formacion-de-alumnado-de-radio-ecca\/#primaryimage\"},\"thumbnailUrl\":\"https:\/\/blogger.googleusercontent.com\/img\/b\/R29vZ2xl\/AVvXsEgaTArosJ2yes1ekN6iHGN8uKCkiTlSz5FbI_ZNufuNqxIFk4iXJuKM5WdTwdY4VuNQ3jbcQdnMmpcd89BP3DESYB3-HZCDAS0jyJOkLEZ5cK8doAQz5QMwcom0STUcpmIB28Va7rGS66WDcRdlnGIUdsZmNtlYBAbfg22RM54ZsFvNARHjOCZxEDwW\/s320\/IMG_2871.JPG\",\"articleSection\":[\"Comunicaci\u00f3n\",\"Comunicaci\u00f3n ECCA\",\"Relevante\"],\"inLanguage\":\"en-GB\"},{\"@type\":\"WebPage\",\"@id\":\"https:\/\/blognoticias.ecca.edu.es\/fundacion-canaria-cajasiete-pedro-modesto-campos-becara-la-formacion-de-alumnado-de-radio-ecca\/\",\"url\":\"https:\/\/blognoticias.ecca.edu.es\/fundacion-canaria-cajasiete-pedro-modesto-campos-becara-la-formacion-de-alumnado-de-radio-ecca\/\",\"name\":\"Fundaci\u00f3n Canaria Cajasiete-Pedro Modesto Campos becar\u00e1 la formaci\u00f3n de alumnado de Radio ECCA\",\"isPartOf\":{\"@id\":\"https:\/\/blognoticias.ecca.edu.es\/#website\"},\"primaryImageOfPage\":{\"@id\":\"https:\/\/blognoticias.ecca.edu.es\/fundacion-canaria-cajasiete-pedro-modesto-campos-becara-la-formacion-de-alumnado-de-radio-ecca\/#primaryimage\"},\"image\":{\"@id\":\"https:\/\/blognoticias.ecca.edu.es\/fundacion-canaria-cajasiete-pedro-modesto-campos-becara-la-formacion-de-alumnado-de-radio-ecca\/#primaryimage\"},\"thumbnailUrl\":\"https:\/\/blogger.googleusercontent.com\/img\/b\/R29vZ2xl\/AVvXsEgaTArosJ2yes1ekN6iHGN8uKCkiTlSz5FbI_ZNufuNqxIFk4iXJuKM5WdTwdY4VuNQ3jbcQdnMmpcd89BP3DESYB3-HZCDAS0jyJOkLEZ5cK8doAQz5QMwcom0STUcpmIB28Va7rGS66WDcRdlnGIUdsZmNtlYBAbfg22RM54ZsFvNARHjOCZxEDwW\/s320\/IMG_2871.JPG\",\"datePublished\":\"2022-10-07T11:53:00+00:00\",\"breadcrumb\":{\"@id\":\"https:\/\/blognoticias.ecca.edu.es\/fundacion-canaria-cajasiete-pedro-modesto-campos-becara-la-formacion-de-alumnado-de-radio-ecca\/#breadcrumb\"},\"inLanguage\":\"en-GB\",\"potentialAction\":[{\"@type\":\"ReadAction\",\"target\":[\"https:\/\/blognoticias.ecca.edu.es\/fundacion-canaria-cajasiete-pedro-modesto-campos-becara-la-formacion-de-alumnado-de-radio-ecca\/\"]}]},{\"@type\":\"ImageObject\",\"inLanguage\":\"en-GB\",\"@id\":\"https:\/\/blognoticias.ecca.edu.es\/fundacion-canaria-cajasiete-pedro-modesto-campos-becara-la-formacion-de-alumnado-de-radio-ecca\/#primaryimage\",\"url\":\"https:\/\/blogger.googleusercontent.com\/img\/b\/R29vZ2xl\/AVvXsEgaTArosJ2yes1ekN6iHGN8uKCkiTlSz5FbI_ZNufuNqxIFk4iXJuKM5WdTwdY4VuNQ3jbcQdnMmpcd89BP3DESYB3-HZCDAS0jyJOkLEZ5cK8doAQz5QMwcom0STUcpmIB28Va7rGS66WDcRdlnGIUdsZmNtlYBAbfg22RM54ZsFvNARHjOCZxEDwW\/s320\/IMG_2871.JPG\",\"contentUrl\":\"https:\/\/blogger.googleusercontent.com\/img\/b\/R29vZ2xl\/AVvXsEgaTArosJ2yes1ekN6iHGN8uKCkiTlSz5FbI_ZNufuNqxIFk4iXJuKM5WdTwdY4VuNQ3jbcQdnMmpcd89BP3DESYB3-HZCDAS0jyJOkLEZ5cK8doAQz5QMwcom0STUcpmIB28Va7rGS66WDcRdlnGIUdsZmNtlYBAbfg22RM54ZsFvNARHjOCZxEDwW\/s320\/IMG_2871.JPG\"},{\"@type\":\"BreadcrumbList\",\"@id\":\"https:\/\/blognoticias.ecca.edu.es\/fundacion-canaria-cajasiete-pedro-modesto-campos-becara-la-formacion-de-alumnado-de-radio-ecca\/#breadcrumb\",\"itemListElement\":[{\"@type\":\"ListItem\",\"position\":1,\"name\":\"Portada\",\"item\":\"https:\/\/blognoticias.ecca.edu.es\/\"},{\"@type\":\"ListItem\",\"position\":2,\"name\":\"Fundaci\u00f3n Canaria Cajasiete-Pedro Modesto Campos becar\u00e1 la formaci\u00f3n de alumnado de Radio ECCA\"}]},{\"@type\":\"WebSite\",\"@id\":\"https:\/\/blognoticias.ecca.edu.es\/#website\",\"url\":\"https:\/\/blognoticias.ecca.edu.es\/\",\"name\":\"Blog Noticias Ecca\",\"description\":\"\",\"publisher\":{\"@id\":\"https:\/\/blognoticias.ecca.edu.es\/#organization\"},\"potentialAction\":[{\"@type\":\"SearchAction\",\"target\":{\"@type\":\"EntryPoint\",\"urlTemplate\":\"https:\/\/blognoticias.ecca.edu.es\/?s={search_term_string}\"},\"query-input\":{\"@type\":\"PropertyValueSpecification\",\"valueRequired\":true,\"valueName\":\"search_term_string\"}}],\"inLanguage\":\"en-GB\"},{\"@type\":\"Organization\",\"@id\":\"https:\/\/blognoticias.ecca.edu.es\/#organization\",\"name\":\"Blog Noticias Ecca\",\"url\":\"https:\/\/blognoticias.ecca.edu.es\/\",\"logo\":{\"@type\":\"ImageObject\",\"inLanguage\":\"en-GB\",\"@id\":\"https:\/\/blognoticias.ecca.edu.es\/#\/schema\/logo\/image\/\",\"url\":\"https:\/\/blognoticias.ecca.edu.es\/wp-content\/uploads\/2023\/02\/cropped-cropped-cropped-cropped-Logo-Ecca.edu_.png\",\"contentUrl\":\"https:\/\/blognoticias.ecca.edu.es\/wp-content\/uploads\/2023\/02\/cropped-cropped-cropped-cropped-Logo-Ecca.edu_.png\",\"width\":293,\"height\":45,\"caption\":\"Blog Noticias Ecca\"},\"image\":{\"@id\":\"https:\/\/blognoticias.ecca.edu.es\/#\/schema\/logo\/image\/\"},\"sameAs\":[\"https:\/\/www.facebook.com\/ecca.edu.es\",\"https:\/\/x.com\/eccaedu\",\"https:\/\/www.instagram.com\/\"]},{\"@type\":\"Person\",\"@id\":\"https:\/\/blognoticias.ecca.edu.es\/#\/schema\/person\/2f67aec1e9c175158bc25ac844a022ce\",\"name\":\"ECCA\",\"image\":{\"@type\":\"ImageObject\",\"inLanguage\":\"en-GB\",\"@id\":\"https:\/\/blognoticias.ecca.edu.es\/#\/schema\/person\/image\/\",\"url\":\"https:\/\/blognoticias.ecca.edu.es\/wp-content\/uploads\/2023\/02\/LOGO-ECCAEDU-1-150x150.png\",\"contentUrl\":\"https:\/\/blognoticias.ecca.edu.es\/wp-content\/uploads\/2023\/02\/LOGO-ECCAEDU-1-150x150.png\",\"caption\":\"ECCA\"},\"sameAs\":[\"https:\/\/blognoticias.ecca.edu.es\"],\"url\":\"https:\/\/blognoticias.ecca.edu.es\/en\/author\/admin\/\"}]}<\/script>\n<!-- \/ Yoast SEO plugin. -->","yoast_head_json":{"title":"Fundaci\u00f3n Canaria Cajasiete-Pedro Modesto Campos becar\u00e1 la formaci\u00f3n de alumnado de Radio ECCA","robots":{"index":"index","follow":"follow","max-snippet":"max-snippet:-1","max-image-preview":"max-image-preview:large","max-video-preview":"max-video-preview:-1"},"canonical":"https:\/\/blognoticias.ecca.edu.es\/en\/fundacion-canaria-cajasiete-pedro-modesto-campos-becara-la-formacion-de-alumnado-de-radio-ecca\/","og_locale":"en_GB","og_type":"article","og_title":"Fundaci\u00f3n Canaria Cajasiete-Pedro Modesto Campos becar\u00e1 la formaci\u00f3n de alumnado de Radio ECCA","og_description":"El presidente de la Fundaci\u00f3n Canaria Cajasiete-Pedro Modesto Campos, y el director general de la Fundaci\u00f3n Canaria Radio ECCA, Fernando Berge y Jos\u00e9 Mar\u00eda Segura, han firmado un acuerdo mediante el cual la primera incentivar\u00e1 a los futuros estudiantes, garantizando la igualdad de oportunidades y premiando la excelencia acad\u00e9mica de los tres mejores expedientes de [&hellip;]","og_url":"https:\/\/blognoticias.ecca.edu.es\/en\/fundacion-canaria-cajasiete-pedro-modesto-campos-becara-la-formacion-de-alumnado-de-radio-ecca\/","og_site_name":"Blog Noticias Ecca","article_publisher":"https:\/\/www.facebook.com\/ecca.edu.es","article_published_time":"2022-10-07T11:53:00+00:00","og_image":[{"url":"https:\/\/blogger.googleusercontent.com\/img\/b\/R29vZ2xl\/AVvXsEgaTArosJ2yes1ekN6iHGN8uKCkiTlSz5FbI_ZNufuNqxIFk4iXJuKM5WdTwdY4VuNQ3jbcQdnMmpcd89BP3DESYB3-HZCDAS0jyJOkLEZ5cK8doAQz5QMwcom0STUcpmIB28Va7rGS66WDcRdlnGIUdsZmNtlYBAbfg22RM54ZsFvNARHjOCZxEDwW\/s320\/IMG_2871.JPG","type":"","width":"","height":""}],"author":"ECCA","twitter_card":"summary_large_image","twitter_creator":"@eccaedu","twitter_site":"@eccaedu","twitter_misc":{"Written by":"ECCA","Estimated reading time":"2 minutes"},"schema":{"@context":"https:\/\/schema.org","@graph":[{"@type":"Article","@id":"https:\/\/blognoticias.ecca.edu.es\/fundacion-canaria-cajasiete-pedro-modesto-campos-becara-la-formacion-de-alumnado-de-radio-ecca\/#article","isPartOf":{"@id":"https:\/\/blognoticias.ecca.edu.es\/fundacion-canaria-cajasiete-pedro-modesto-campos-becara-la-formacion-de-alumnado-de-radio-ecca\/"},"author":{"name":"ECCA","@id":"https:\/\/blognoticias.ecca.edu.es\/#\/schema\/person\/2f67aec1e9c175158bc25ac844a022ce"},"headline":"Fundaci\u00f3n Canaria Cajasiete-Pedro Modesto Campos becar\u00e1 la formaci\u00f3n de alumnado de Radio ECCA","datePublished":"2022-10-07T11:53:00+00:00","mainEntityOfPage":{"@id":"https:\/\/blognoticias.ecca.edu.es\/fundacion-canaria-cajasiete-pedro-modesto-campos-becara-la-formacion-de-alumnado-de-radio-ecca\/"},"wordCount":356,"publisher":{"@id":"https:\/\/blognoticias.ecca.edu.es\/#organization"},"image":{"@id":"https:\/\/blognoticias.ecca.edu.es\/fundacion-canaria-cajasiete-pedro-modesto-campos-becara-la-formacion-de-alumnado-de-radio-ecca\/#primaryimage"},"thumbnailUrl":"https:\/\/blogger.googleusercontent.com\/img\/b\/R29vZ2xl\/AVvXsEgaTArosJ2yes1ekN6iHGN8uKCkiTlSz5FbI_ZNufuNqxIFk4iXJuKM5WdTwdY4VuNQ3jbcQdnMmpcd89BP3DESYB3-HZCDAS0jyJOkLEZ5cK8doAQz5QMwcom0STUcpmIB28Va7rGS66WDcRdlnGIUdsZmNtlYBAbfg22RM54ZsFvNARHjOCZxEDwW\/s320\/IMG_2871.JPG","articleSection":["Comunicaci\u00f3n","Comunicaci\u00f3n ECCA","Relevante"],"inLanguage":"en-GB"},{"@type":"WebPage","@id":"https:\/\/blognoticias.ecca.edu.es\/fundacion-canaria-cajasiete-pedro-modesto-campos-becara-la-formacion-de-alumnado-de-radio-ecca\/","url":"https:\/\/blognoticias.ecca.edu.es\/fundacion-canaria-cajasiete-pedro-modesto-campos-becara-la-formacion-de-alumnado-de-radio-ecca\/","name":"Fundaci\u00f3n Canaria Cajasiete-Pedro Modesto Campos becar\u00e1 la formaci\u00f3n de alumnado de Radio ECCA","isPartOf":{"@id":"https:\/\/blognoticias.ecca.edu.es\/#website"},"primaryImageOfPage":{"@id":"https:\/\/blognoticias.ecca.edu.es\/fundacion-canaria-cajasiete-pedro-modesto-campos-becara-la-formacion-de-alumnado-de-radio-ecca\/#primaryimage"},"image":{"@id":"https:\/\/blognoticias.ecca.edu.es\/fundacion-canaria-cajasiete-pedro-modesto-campos-becara-la-formacion-de-alumnado-de-radio-ecca\/#primaryimage"},"thumbnailUrl":"https:\/\/blogger.googleusercontent.com\/img\/b\/R29vZ2xl\/AVvXsEgaTArosJ2yes1ekN6iHGN8uKCkiTlSz5FbI_ZNufuNqxIFk4iXJuKM5WdTwdY4VuNQ3jbcQdnMmpcd89BP3DESYB3-HZCDAS0jyJOkLEZ5cK8doAQz5QMwcom0STUcpmIB28Va7rGS66WDcRdlnGIUdsZmNtlYBAbfg22RM54ZsFvNARHjOCZxEDwW\/s320\/IMG_2871.JPG","datePublished":"2022-10-07T11:53:00+00:00","breadcrumb":{"@id":"https:\/\/blognoticias.ecca.edu.es\/fundacion-canaria-cajasiete-pedro-modesto-campos-becara-la-formacion-de-alumnado-de-radio-ecca\/#breadcrumb"},"inLanguage":"en-GB","potentialAction":[{"@type":"ReadAction","target":["https:\/\/blognoticias.ecca.edu.es\/fundacion-canaria-cajasiete-pedro-modesto-campos-becara-la-formacion-de-alumnado-de-radio-ecca\/"]}]},{"@type":"ImageObject","inLanguage":"en-GB","@id":"https:\/\/blognoticias.ecca.edu.es\/fundacion-canaria-cajasiete-pedro-modesto-campos-becara-la-formacion-de-alumnado-de-radio-ecca\/#primaryimage","url":"https:\/\/blogger.googleusercontent.com\/img\/b\/R29vZ2xl\/AVvXsEgaTArosJ2yes1ekN6iHGN8uKCkiTlSz5FbI_ZNufuNqxIFk4iXJuKM5WdTwdY4VuNQ3jbcQdnMmpcd89BP3DESYB3-HZCDAS0jyJOkLEZ5cK8doAQz5QMwcom0STUcpmIB28Va7rGS66WDcRdlnGIUdsZmNtlYBAbfg22RM54ZsFvNARHjOCZxEDwW\/s320\/IMG_2871.JPG","contentUrl":"https:\/\/blogger.googleusercontent.com\/img\/b\/R29vZ2xl\/AVvXsEgaTArosJ2yes1ekN6iHGN8uKCkiTlSz5FbI_ZNufuNqxIFk4iXJuKM5WdTwdY4VuNQ3jbcQdnMmpcd89BP3DESYB3-HZCDAS0jyJOkLEZ5cK8doAQz5QMwcom0STUcpmIB28Va7rGS66WDcRdlnGIUdsZmNtlYBAbfg22RM54ZsFvNARHjOCZxEDwW\/s320\/IMG_2871.JPG"},{"@type":"BreadcrumbList","@id":"https:\/\/blognoticias.ecca.edu.es\/fundacion-canaria-cajasiete-pedro-modesto-campos-becara-la-formacion-de-alumnado-de-radio-ecca\/#breadcrumb","itemListElement":[{"@type":"ListItem","position":1,"name":"Portada","item":"https:\/\/blognoticias.ecca.edu.es\/"},{"@type":"ListItem","position":2,"name":"Fundaci\u00f3n Canaria Cajasiete-Pedro Modesto Campos becar\u00e1 la formaci\u00f3n de alumnado de Radio ECCA"}]},{"@type":"WebSite","@id":"https:\/\/blognoticias.ecca.edu.es\/#website","url":"https:\/\/blognoticias.ecca.edu.es\/","name":"Blog Noticias Ecca","description":"","publisher":{"@id":"https:\/\/blognoticias.ecca.edu.es\/#organization"},"potentialAction":[{"@type":"SearchAction","target":{"@type":"EntryPoint","urlTemplate":"https:\/\/blognoticias.ecca.edu.es\/?s={search_term_string}"},"query-input":{"@type":"PropertyValueSpecification","valueRequired":true,"valueName":"search_term_string"}}],"inLanguage":"en-GB"},{"@type":"Organization","@id":"https:\/\/blognoticias.ecca.edu.es\/#organization","name":"Blog Noticias Ecca","url":"https:\/\/blognoticias.ecca.edu.es\/","logo":{"@type":"ImageObject","inLanguage":"en-GB","@id":"https:\/\/blognoticias.ecca.edu.es\/#\/schema\/logo\/image\/","url":"https:\/\/blognoticias.ecca.edu.es\/wp-content\/uploads\/2023\/02\/cropped-cropped-cropped-cropped-Logo-Ecca.edu_.png","contentUrl":"https:\/\/blognoticias.ecca.edu.es\/wp-content\/uploads\/2023\/02\/cropped-cropped-cropped-cropped-Logo-Ecca.edu_.png","width":293,"height":45,"caption":"Blog Noticias Ecca"},"image":{"@id":"https:\/\/blognoticias.ecca.edu.es\/#\/schema\/logo\/image\/"},"sameAs":["https:\/\/www.facebook.com\/ecca.edu.es","https:\/\/x.com\/eccaedu","https:\/\/www.instagram.com\/"]},{"@type":"Person","@id":"https:\/\/blognoticias.ecca.edu.es\/#\/schema\/person\/2f67aec1e9c175158bc25ac844a022ce","name":"ECCA","image":{"@type":"ImageObject","inLanguage":"en-GB","@id":"https:\/\/blognoticias.ecca.edu.es\/#\/schema\/person\/image\/","url":"https:\/\/blognoticias.ecca.edu.es\/wp-content\/uploads\/2023\/02\/LOGO-ECCAEDU-1-150x150.png","contentUrl":"https:\/\/blognoticias.ecca.edu.es\/wp-content\/uploads\/2023\/02\/LOGO-ECCAEDU-1-150x150.png","caption":"ECCA"},"sameAs":["https:\/\/blognoticias.ecca.edu.es"],"url":"https:\/\/blognoticias.ecca.edu.es\/en\/author\/admin\/"}]}},"_links":{"self":[{"href":"https:\/\/blognoticias.ecca.edu.es\/en\/wp-json\/wp\/v2\/posts\/3182","targetHints":{"allow":["GET"]}}],"collection":[{"href":"https:\/\/blognoticias.ecca.edu.es\/en\/wp-json\/wp\/v2\/posts"}],"about":[{"href":"https:\/\/blognoticias.ecca.edu.es\/en\/wp-json\/wp\/v2\/types\/post"}],"author":[{"embeddable":true,"href":"https:\/\/blognoticias.ecca.edu.es\/en\/wp-json\/wp\/v2\/users\/1"}],"replies":[{"embeddable":true,"href":"https:\/\/blognoticias.ecca.edu.es\/en\/wp-json\/wp\/v2\/comments?post=3182"}],"version-history":[{"count":0,"href":"https:\/\/blognoticias.ecca.edu.es\/en\/wp-json\/wp\/v2\/posts\/3182\/revisions"}],"wp:attachment":[{"href":"https:\/\/blognoticias.ecca.edu.es\/en\/wp-json\/wp\/v2\/media?parent=3182"}],"wp:term":[{"taxonomy":"category","embeddable":true,"href":"https:\/\/blognoticias.ecca.edu.es\/en\/wp-json\/wp\/v2\/categories?post=3182"},{"taxonomy":"post_tag","embeddable":true,"href":"https:\/\/blognoticias.ecca.edu.es\/en\/wp-json\/wp\/v2\/tags?post=3182"}],"curies":[{"name":"wp","href":"https:\/\/api.w.org\/{rel}","templated":true}]}}