{"id":3155,"date":"2022-12-13T13:40:00","date_gmt":"2022-12-13T13:40:00","guid":{"rendered":"https:\/\/blognoticias.ecca.edu.es\/taller-de-derechos-laborales-con-perspectiva-de-genero\/"},"modified":"2024-12-13T12:46:38","modified_gmt":"2024-12-13T12:46:38","slug":"taller-de-derechos-laborales-con-perspectiva-de-genero","status":"publish","type":"post","link":"https:\/\/blognoticias.ecca.edu.es\/en\/taller-de-derechos-laborales-con-perspectiva-de-genero\/","title":{"rendered":"Taller de Derechos Laborales con Perspectiva de G\u00e9nero"},"content":{"rendered":"<div class='booster-block booster-read-block'>\n                <div class=\"twp-read-time\">\n                \t<i class=\"booster-icon twp-clock\"><\/i> <span>Tiempo de lectura:<\/span>41 Segundos                <\/div>\n\n            <\/div><p style=\"text-align: justify;\">El pasado lunes 12 de diciembre, las participantes del Programa Ellas 2022, pudieron asistir a un taller de derecho laboral desarrollado gracias a la colaboraci\u00f3n de Palm\u00e9s y Asociados en el Centro Loyola.<\/p>\n<p style=\"text-align: justify;\">En el mismo, pudieron aprender nociones b\u00e1sicas en la relaci\u00f3n empleador\/a y empleado\/a, informaci\u00f3n actualizada de las \u00faltimas reformas de la ley, as\u00ed como tener presente el protocolo de actuaci\u00f3n recomendado cuando se trata de mujeres migrantes, informaci\u00f3n de gran utilidad teniendo en cuenta que el contexto social y el perfil de participaci\u00f3n, se caracteriza por el predominio de la interculturalidad.<\/p>\n<p style=\"text-align: justify;\">Con este tipo de acciones, ya nos encontramos cerrando las \u00faltimas fases de este programa, que se ha caracterizado por la formaci\u00f3n, informaci\u00f3n y aseoramiento para la mejora de la empleabilidad y el acceso de las participantes al mundo laboral.<\/p>\n<div style=\"clear: both; text-align: center;\"><a style=\"clear: left; float: left; margin-bottom: 1em; margin-right: 1em;\" href=\"https:\/\/blogger.googleusercontent.com\/img\/b\/R29vZ2xl\/AVvXsEh_DzBG4h0TOWruGkBQgwVQGSPXrIPUhWWiEm1-sbtFVPpFWRbt4VIly9ZYOgaoJlEA23hMcuN0VdVxvyBTw9KNSd05KVSMhA3Cg8IQf1PP0KDlViMqnn84vRKc2O0cbfkOdfRkc1xQcADbyL8gNMS0Gje6naxQ5-Zl_OfBhVwUNfiD-j-Fs4KhHZyq\/s1920\/Dise%C3%B1o%20sin%20t%C3%ADtulo.jpg\"><img loading=\"lazy\" decoding=\"async\" src=\"https:\/\/blogger.googleusercontent.com\/img\/b\/R29vZ2xl\/AVvXsEh_DzBG4h0TOWruGkBQgwVQGSPXrIPUhWWiEm1-sbtFVPpFWRbt4VIly9ZYOgaoJlEA23hMcuN0VdVxvyBTw9KNSd05KVSMhA3Cg8IQf1PP0KDlViMqnn84vRKc2O0cbfkOdfRkc1xQcADbyL8gNMS0Gje6naxQ5-Zl_OfBhVwUNfiD-j-Fs4KhHZyq\/w665-h374\/Dise%C3%B1o%20sin%20t%C3%ADtulo.jpg\" width=\"665\" height=\"374\" border=\"0\" data-original-height=\"1080\" data-original-width=\"1920\" \/><\/a><\/div>\n<p style=\"text-align: justify;\">\n<div style=\"clear: both; text-align: center;\"><a style=\"margin-left: 1em; margin-right: 1em;\" href=\"https:\/\/blogger.googleusercontent.com\/img\/b\/R29vZ2xl\/AVvXsEhdZ--SrZF4bXY0kInSDX8a8brNDH3fp0k93ZsXPo4aPavjv9SqvTPiy9BUDEXxFXI1izfVKKxDdFuoenYQGewZrtExpCsH-g3zGF1k8S2VUTaBW3XhJonDo4eneOhF5U5HWy9lzLBfjnKERqUJe_yzAkf-h9paKL2AoyVpLW6y8StAk79zmQmVbwZA\/s724\/ENCABEZADO_ELLAS%202022.jpg\"><img loading=\"lazy\" decoding=\"async\" src=\"https:\/\/blogger.googleusercontent.com\/img\/b\/R29vZ2xl\/AVvXsEhdZ--SrZF4bXY0kInSDX8a8brNDH3fp0k93ZsXPo4aPavjv9SqvTPiy9BUDEXxFXI1izfVKKxDdFuoenYQGewZrtExpCsH-g3zGF1k8S2VUTaBW3XhJonDo4eneOhF5U5HWy9lzLBfjnKERqUJe_yzAkf-h9paKL2AoyVpLW6y8StAk79zmQmVbwZA\/s320\/ENCABEZADO_ELLAS%202022.jpg\" width=\"320\" height=\"82\" border=\"0\" data-original-height=\"186\" data-original-width=\"724\" \/><\/a><\/div>","protected":false},"excerpt":{"rendered":"<p>El pasado lunes 12 de diciembre, las participantes del Programa Ellas 2022, pudieron asistir a un taller de derecho laboral desarrollado gracias a la colaboraci\u00f3n de Palm\u00e9s y Asociados en el Centro Loyola. En el mismo, pudieron aprender nociones b\u00e1sicas en la relaci\u00f3n empleador\/a y empleado\/a, informaci\u00f3n actualizada de las \u00faltimas reformas de la ley, [&hellip;]<\/p>","protected":false},"author":1,"featured_media":0,"comment_status":"closed","ping_status":"closed","sticky":false,"template":"","format":"standard","meta":{"footnotes":""},"categories":[1],"tags":[],"class_list":["post-3155","post","type-post","status-publish","format-standard","hentry","category-blog"],"yoast_head":"<!-- This site is optimized with the Yoast SEO plugin v25.9 - https:\/\/yoast.com\/wordpress\/plugins\/seo\/ -->\n<title>Taller de Derechos Laborales con Perspectiva de G\u00e9nero<\/title>\n<meta name=\"robots\" content=\"index, follow, max-snippet:-1, max-image-preview:large, max-video-preview:-1\" \/>\n<link rel=\"canonical\" href=\"https:\/\/blognoticias.ecca.edu.es\/en\/taller-de-derechos-laborales-con-perspectiva-de-genero\/\" \/>\n<meta property=\"og:locale\" content=\"en_GB\" \/>\n<meta property=\"og:type\" content=\"article\" \/>\n<meta property=\"og:title\" content=\"Taller de Derechos Laborales con Perspectiva de G\u00e9nero\" \/>\n<meta property=\"og:description\" content=\"El pasado lunes 12 de diciembre, las participantes del Programa Ellas 2022, pudieron asistir a un taller de derecho laboral desarrollado gracias a la colaboraci\u00f3n de Palm\u00e9s y Asociados en el Centro Loyola. En el mismo, pudieron aprender nociones b\u00e1sicas en la relaci\u00f3n empleador\/a y empleado\/a, informaci\u00f3n actualizada de las \u00faltimas reformas de la ley, [&hellip;]\" \/>\n<meta property=\"og:url\" content=\"https:\/\/blognoticias.ecca.edu.es\/en\/taller-de-derechos-laborales-con-perspectiva-de-genero\/\" \/>\n<meta property=\"og:site_name\" content=\"Blog Noticias Ecca\" \/>\n<meta property=\"article:publisher\" content=\"https:\/\/www.facebook.com\/ecca.edu.es\" \/>\n<meta property=\"article:published_time\" content=\"2022-12-13T13:40:00+00:00\" \/>\n<meta property=\"article:modified_time\" content=\"2024-12-13T12:46:38+00:00\" \/>\n<meta property=\"og:image\" content=\"https:\/\/blogger.googleusercontent.com\/img\/b\/R29vZ2xl\/AVvXsEh_DzBG4h0TOWruGkBQgwVQGSPXrIPUhWWiEm1-sbtFVPpFWRbt4VIly9ZYOgaoJlEA23hMcuN0VdVxvyBTw9KNSd05KVSMhA3Cg8IQf1PP0KDlViMqnn84vRKc2O0cbfkOdfRkc1xQcADbyL8gNMS0Gje6naxQ5-Zl_OfBhVwUNfiD-j-Fs4KhHZyq\/w665-h374\/Dise%C3%B1o%20sin%20t%C3%ADtulo.jpg\" \/>\n<meta name=\"author\" content=\"ECCA\" \/>\n<meta name=\"twitter:card\" content=\"summary_large_image\" \/>\n<meta name=\"twitter:creator\" content=\"@eccaedu\" \/>\n<meta name=\"twitter:site\" content=\"@eccaedu\" \/>\n<meta name=\"twitter:label1\" content=\"Written by\" \/>\n\t<meta name=\"twitter:data1\" content=\"ECCA\" \/>\n\t<meta name=\"twitter:label2\" content=\"Estimated reading time\" \/>\n\t<meta name=\"twitter:data2\" content=\"2 minutes\" \/>\n<script type=\"application\/ld+json\" class=\"yoast-schema-graph\">{\"@context\":\"https:\/\/schema.org\",\"@graph\":[{\"@type\":\"Article\",\"@id\":\"https:\/\/blognoticias.ecca.edu.es\/taller-de-derechos-laborales-con-perspectiva-de-genero\/#article\",\"isPartOf\":{\"@id\":\"https:\/\/blognoticias.ecca.edu.es\/taller-de-derechos-laborales-con-perspectiva-de-genero\/\"},\"author\":{\"name\":\"ECCA\",\"@id\":\"https:\/\/blognoticias.ecca.edu.es\/#\/schema\/person\/2f67aec1e9c175158bc25ac844a022ce\"},\"headline\":\"Taller de Derechos Laborales con Perspectiva de G\u00e9nero\",\"datePublished\":\"2022-12-13T13:40:00+00:00\",\"dateModified\":\"2024-12-13T12:46:38+00:00\",\"mainEntityOfPage\":{\"@id\":\"https:\/\/blognoticias.ecca.edu.es\/taller-de-derechos-laborales-con-perspectiva-de-genero\/\"},\"wordCount\":153,\"publisher\":{\"@id\":\"https:\/\/blognoticias.ecca.edu.es\/#organization\"},\"image\":{\"@id\":\"https:\/\/blognoticias.ecca.edu.es\/taller-de-derechos-laborales-con-perspectiva-de-genero\/#primaryimage\"},\"thumbnailUrl\":\"https:\/\/blogger.googleusercontent.com\/img\/b\/R29vZ2xl\/AVvXsEh_DzBG4h0TOWruGkBQgwVQGSPXrIPUhWWiEm1-sbtFVPpFWRbt4VIly9ZYOgaoJlEA23hMcuN0VdVxvyBTw9KNSd05KVSMhA3Cg8IQf1PP0KDlViMqnn84vRKc2O0cbfkOdfRkc1xQcADbyL8gNMS0Gje6naxQ5-Zl_OfBhVwUNfiD-j-Fs4KhHZyq\/w665-h374\/Dise%C3%B1o%20sin%20t%C3%ADtulo.jpg\",\"articleSection\":[\"Blog\"],\"inLanguage\":\"en-GB\"},{\"@type\":\"WebPage\",\"@id\":\"https:\/\/blognoticias.ecca.edu.es\/taller-de-derechos-laborales-con-perspectiva-de-genero\/\",\"url\":\"https:\/\/blognoticias.ecca.edu.es\/taller-de-derechos-laborales-con-perspectiva-de-genero\/\",\"name\":\"Taller de Derechos Laborales con Perspectiva de G\u00e9nero\",\"isPartOf\":{\"@id\":\"https:\/\/blognoticias.ecca.edu.es\/#website\"},\"primaryImageOfPage\":{\"@id\":\"https:\/\/blognoticias.ecca.edu.es\/taller-de-derechos-laborales-con-perspectiva-de-genero\/#primaryimage\"},\"image\":{\"@id\":\"https:\/\/blognoticias.ecca.edu.es\/taller-de-derechos-laborales-con-perspectiva-de-genero\/#primaryimage\"},\"thumbnailUrl\":\"https:\/\/blogger.googleusercontent.com\/img\/b\/R29vZ2xl\/AVvXsEh_DzBG4h0TOWruGkBQgwVQGSPXrIPUhWWiEm1-sbtFVPpFWRbt4VIly9ZYOgaoJlEA23hMcuN0VdVxvyBTw9KNSd05KVSMhA3Cg8IQf1PP0KDlViMqnn84vRKc2O0cbfkOdfRkc1xQcADbyL8gNMS0Gje6naxQ5-Zl_OfBhVwUNfiD-j-Fs4KhHZyq\/w665-h374\/Dise%C3%B1o%20sin%20t%C3%ADtulo.jpg\",\"datePublished\":\"2022-12-13T13:40:00+00:00\",\"dateModified\":\"2024-12-13T12:46:38+00:00\",\"breadcrumb\":{\"@id\":\"https:\/\/blognoticias.ecca.edu.es\/taller-de-derechos-laborales-con-perspectiva-de-genero\/#breadcrumb\"},\"inLanguage\":\"en-GB\",\"potentialAction\":[{\"@type\":\"ReadAction\",\"target\":[\"https:\/\/blognoticias.ecca.edu.es\/taller-de-derechos-laborales-con-perspectiva-de-genero\/\"]}]},{\"@type\":\"ImageObject\",\"inLanguage\":\"en-GB\",\"@id\":\"https:\/\/blognoticias.ecca.edu.es\/taller-de-derechos-laborales-con-perspectiva-de-genero\/#primaryimage\",\"url\":\"https:\/\/blogger.googleusercontent.com\/img\/b\/R29vZ2xl\/AVvXsEh_DzBG4h0TOWruGkBQgwVQGSPXrIPUhWWiEm1-sbtFVPpFWRbt4VIly9ZYOgaoJlEA23hMcuN0VdVxvyBTw9KNSd05KVSMhA3Cg8IQf1PP0KDlViMqnn84vRKc2O0cbfkOdfRkc1xQcADbyL8gNMS0Gje6naxQ5-Zl_OfBhVwUNfiD-j-Fs4KhHZyq\/w665-h374\/Dise%C3%B1o%20sin%20t%C3%ADtulo.jpg\",\"contentUrl\":\"https:\/\/blogger.googleusercontent.com\/img\/b\/R29vZ2xl\/AVvXsEh_DzBG4h0TOWruGkBQgwVQGSPXrIPUhWWiEm1-sbtFVPpFWRbt4VIly9ZYOgaoJlEA23hMcuN0VdVxvyBTw9KNSd05KVSMhA3Cg8IQf1PP0KDlViMqnn84vRKc2O0cbfkOdfRkc1xQcADbyL8gNMS0Gje6naxQ5-Zl_OfBhVwUNfiD-j-Fs4KhHZyq\/w665-h374\/Dise%C3%B1o%20sin%20t%C3%ADtulo.jpg\"},{\"@type\":\"BreadcrumbList\",\"@id\":\"https:\/\/blognoticias.ecca.edu.es\/taller-de-derechos-laborales-con-perspectiva-de-genero\/#breadcrumb\",\"itemListElement\":[{\"@type\":\"ListItem\",\"position\":1,\"name\":\"Portada\",\"item\":\"https:\/\/blognoticias.ecca.edu.es\/\"},{\"@type\":\"ListItem\",\"position\":2,\"name\":\"Taller de Derechos Laborales con Perspectiva de G\u00e9nero\"}]},{\"@type\":\"WebSite\",\"@id\":\"https:\/\/blognoticias.ecca.edu.es\/#website\",\"url\":\"https:\/\/blognoticias.ecca.edu.es\/\",\"name\":\"Blog Noticias Ecca\",\"description\":\"\",\"publisher\":{\"@id\":\"https:\/\/blognoticias.ecca.edu.es\/#organization\"},\"potentialAction\":[{\"@type\":\"SearchAction\",\"target\":{\"@type\":\"EntryPoint\",\"urlTemplate\":\"https:\/\/blognoticias.ecca.edu.es\/?s={search_term_string}\"},\"query-input\":{\"@type\":\"PropertyValueSpecification\",\"valueRequired\":true,\"valueName\":\"search_term_string\"}}],\"inLanguage\":\"en-GB\"},{\"@type\":\"Organization\",\"@id\":\"https:\/\/blognoticias.ecca.edu.es\/#organization\",\"name\":\"Blog Noticias Ecca\",\"url\":\"https:\/\/blognoticias.ecca.edu.es\/\",\"logo\":{\"@type\":\"ImageObject\",\"inLanguage\":\"en-GB\",\"@id\":\"https:\/\/blognoticias.ecca.edu.es\/#\/schema\/logo\/image\/\",\"url\":\"https:\/\/blognoticias.ecca.edu.es\/wp-content\/uploads\/2023\/02\/cropped-cropped-cropped-cropped-Logo-Ecca.edu_.png\",\"contentUrl\":\"https:\/\/blognoticias.ecca.edu.es\/wp-content\/uploads\/2023\/02\/cropped-cropped-cropped-cropped-Logo-Ecca.edu_.png\",\"width\":293,\"height\":45,\"caption\":\"Blog Noticias Ecca\"},\"image\":{\"@id\":\"https:\/\/blognoticias.ecca.edu.es\/#\/schema\/logo\/image\/\"},\"sameAs\":[\"https:\/\/www.facebook.com\/ecca.edu.es\",\"https:\/\/x.com\/eccaedu\",\"https:\/\/www.instagram.com\/\"]},{\"@type\":\"Person\",\"@id\":\"https:\/\/blognoticias.ecca.edu.es\/#\/schema\/person\/2f67aec1e9c175158bc25ac844a022ce\",\"name\":\"ECCA\",\"image\":{\"@type\":\"ImageObject\",\"inLanguage\":\"en-GB\",\"@id\":\"https:\/\/blognoticias.ecca.edu.es\/#\/schema\/person\/image\/\",\"url\":\"https:\/\/blognoticias.ecca.edu.es\/wp-content\/uploads\/2023\/02\/LOGO-ECCAEDU-1-150x150.png\",\"contentUrl\":\"https:\/\/blognoticias.ecca.edu.es\/wp-content\/uploads\/2023\/02\/LOGO-ECCAEDU-1-150x150.png\",\"caption\":\"ECCA\"},\"sameAs\":[\"https:\/\/blognoticias.ecca.edu.es\"],\"url\":\"https:\/\/blognoticias.ecca.edu.es\/en\/author\/admin\/\"}]}<\/script>\n<!-- \/ Yoast SEO plugin. -->","yoast_head_json":{"title":"Taller de Derechos Laborales con Perspectiva de G\u00e9nero","robots":{"index":"index","follow":"follow","max-snippet":"max-snippet:-1","max-image-preview":"max-image-preview:large","max-video-preview":"max-video-preview:-1"},"canonical":"https:\/\/blognoticias.ecca.edu.es\/en\/taller-de-derechos-laborales-con-perspectiva-de-genero\/","og_locale":"en_GB","og_type":"article","og_title":"Taller de Derechos Laborales con Perspectiva de G\u00e9nero","og_description":"El pasado lunes 12 de diciembre, las participantes del Programa Ellas 2022, pudieron asistir a un taller de derecho laboral desarrollado gracias a la colaboraci\u00f3n de Palm\u00e9s y Asociados en el Centro Loyola. En el mismo, pudieron aprender nociones b\u00e1sicas en la relaci\u00f3n empleador\/a y empleado\/a, informaci\u00f3n actualizada de las \u00faltimas reformas de la ley, [&hellip;]","og_url":"https:\/\/blognoticias.ecca.edu.es\/en\/taller-de-derechos-laborales-con-perspectiva-de-genero\/","og_site_name":"Blog Noticias Ecca","article_publisher":"https:\/\/www.facebook.com\/ecca.edu.es","article_published_time":"2022-12-13T13:40:00+00:00","article_modified_time":"2024-12-13T12:46:38+00:00","og_image":[{"url":"https:\/\/blogger.googleusercontent.com\/img\/b\/R29vZ2xl\/AVvXsEh_DzBG4h0TOWruGkBQgwVQGSPXrIPUhWWiEm1-sbtFVPpFWRbt4VIly9ZYOgaoJlEA23hMcuN0VdVxvyBTw9KNSd05KVSMhA3Cg8IQf1PP0KDlViMqnn84vRKc2O0cbfkOdfRkc1xQcADbyL8gNMS0Gje6naxQ5-Zl_OfBhVwUNfiD-j-Fs4KhHZyq\/w665-h374\/Dise%C3%B1o%20sin%20t%C3%ADtulo.jpg","type":"","width":"","height":""}],"author":"ECCA","twitter_card":"summary_large_image","twitter_creator":"@eccaedu","twitter_site":"@eccaedu","twitter_misc":{"Written by":"ECCA","Estimated reading time":"2 minutes"},"schema":{"@context":"https:\/\/schema.org","@graph":[{"@type":"Article","@id":"https:\/\/blognoticias.ecca.edu.es\/taller-de-derechos-laborales-con-perspectiva-de-genero\/#article","isPartOf":{"@id":"https:\/\/blognoticias.ecca.edu.es\/taller-de-derechos-laborales-con-perspectiva-de-genero\/"},"author":{"name":"ECCA","@id":"https:\/\/blognoticias.ecca.edu.es\/#\/schema\/person\/2f67aec1e9c175158bc25ac844a022ce"},"headline":"Taller de Derechos Laborales con Perspectiva de G\u00e9nero","datePublished":"2022-12-13T13:40:00+00:00","dateModified":"2024-12-13T12:46:38+00:00","mainEntityOfPage":{"@id":"https:\/\/blognoticias.ecca.edu.es\/taller-de-derechos-laborales-con-perspectiva-de-genero\/"},"wordCount":153,"publisher":{"@id":"https:\/\/blognoticias.ecca.edu.es\/#organization"},"image":{"@id":"https:\/\/blognoticias.ecca.edu.es\/taller-de-derechos-laborales-con-perspectiva-de-genero\/#primaryimage"},"thumbnailUrl":"https:\/\/blogger.googleusercontent.com\/img\/b\/R29vZ2xl\/AVvXsEh_DzBG4h0TOWruGkBQgwVQGSPXrIPUhWWiEm1-sbtFVPpFWRbt4VIly9ZYOgaoJlEA23hMcuN0VdVxvyBTw9KNSd05KVSMhA3Cg8IQf1PP0KDlViMqnn84vRKc2O0cbfkOdfRkc1xQcADbyL8gNMS0Gje6naxQ5-Zl_OfBhVwUNfiD-j-Fs4KhHZyq\/w665-h374\/Dise%C3%B1o%20sin%20t%C3%ADtulo.jpg","articleSection":["Blog"],"inLanguage":"en-GB"},{"@type":"WebPage","@id":"https:\/\/blognoticias.ecca.edu.es\/taller-de-derechos-laborales-con-perspectiva-de-genero\/","url":"https:\/\/blognoticias.ecca.edu.es\/taller-de-derechos-laborales-con-perspectiva-de-genero\/","name":"Taller de Derechos Laborales con Perspectiva de G\u00e9nero","isPartOf":{"@id":"https:\/\/blognoticias.ecca.edu.es\/#website"},"primaryImageOfPage":{"@id":"https:\/\/blognoticias.ecca.edu.es\/taller-de-derechos-laborales-con-perspectiva-de-genero\/#primaryimage"},"image":{"@id":"https:\/\/blognoticias.ecca.edu.es\/taller-de-derechos-laborales-con-perspectiva-de-genero\/#primaryimage"},"thumbnailUrl":"https:\/\/blogger.googleusercontent.com\/img\/b\/R29vZ2xl\/AVvXsEh_DzBG4h0TOWruGkBQgwVQGSPXrIPUhWWiEm1-sbtFVPpFWRbt4VIly9ZYOgaoJlEA23hMcuN0VdVxvyBTw9KNSd05KVSMhA3Cg8IQf1PP0KDlViMqnn84vRKc2O0cbfkOdfRkc1xQcADbyL8gNMS0Gje6naxQ5-Zl_OfBhVwUNfiD-j-Fs4KhHZyq\/w665-h374\/Dise%C3%B1o%20sin%20t%C3%ADtulo.jpg","datePublished":"2022-12-13T13:40:00+00:00","dateModified":"2024-12-13T12:46:38+00:00","breadcrumb":{"@id":"https:\/\/blognoticias.ecca.edu.es\/taller-de-derechos-laborales-con-perspectiva-de-genero\/#breadcrumb"},"inLanguage":"en-GB","potentialAction":[{"@type":"ReadAction","target":["https:\/\/blognoticias.ecca.edu.es\/taller-de-derechos-laborales-con-perspectiva-de-genero\/"]}]},{"@type":"ImageObject","inLanguage":"en-GB","@id":"https:\/\/blognoticias.ecca.edu.es\/taller-de-derechos-laborales-con-perspectiva-de-genero\/#primaryimage","url":"https:\/\/blogger.googleusercontent.com\/img\/b\/R29vZ2xl\/AVvXsEh_DzBG4h0TOWruGkBQgwVQGSPXrIPUhWWiEm1-sbtFVPpFWRbt4VIly9ZYOgaoJlEA23hMcuN0VdVxvyBTw9KNSd05KVSMhA3Cg8IQf1PP0KDlViMqnn84vRKc2O0cbfkOdfRkc1xQcADbyL8gNMS0Gje6naxQ5-Zl_OfBhVwUNfiD-j-Fs4KhHZyq\/w665-h374\/Dise%C3%B1o%20sin%20t%C3%ADtulo.jpg","contentUrl":"https:\/\/blogger.googleusercontent.com\/img\/b\/R29vZ2xl\/AVvXsEh_DzBG4h0TOWruGkBQgwVQGSPXrIPUhWWiEm1-sbtFVPpFWRbt4VIly9ZYOgaoJlEA23hMcuN0VdVxvyBTw9KNSd05KVSMhA3Cg8IQf1PP0KDlViMqnn84vRKc2O0cbfkOdfRkc1xQcADbyL8gNMS0Gje6naxQ5-Zl_OfBhVwUNfiD-j-Fs4KhHZyq\/w665-h374\/Dise%C3%B1o%20sin%20t%C3%ADtulo.jpg"},{"@type":"BreadcrumbList","@id":"https:\/\/blognoticias.ecca.edu.es\/taller-de-derechos-laborales-con-perspectiva-de-genero\/#breadcrumb","itemListElement":[{"@type":"ListItem","position":1,"name":"Portada","item":"https:\/\/blognoticias.ecca.edu.es\/"},{"@type":"ListItem","position":2,"name":"Taller de Derechos Laborales con Perspectiva de G\u00e9nero"}]},{"@type":"WebSite","@id":"https:\/\/blognoticias.ecca.edu.es\/#website","url":"https:\/\/blognoticias.ecca.edu.es\/","name":"Blog Noticias Ecca","description":"","publisher":{"@id":"https:\/\/blognoticias.ecca.edu.es\/#organization"},"potentialAction":[{"@type":"SearchAction","target":{"@type":"EntryPoint","urlTemplate":"https:\/\/blognoticias.ecca.edu.es\/?s={search_term_string}"},"query-input":{"@type":"PropertyValueSpecification","valueRequired":true,"valueName":"search_term_string"}}],"inLanguage":"en-GB"},{"@type":"Organization","@id":"https:\/\/blognoticias.ecca.edu.es\/#organization","name":"Blog Noticias Ecca","url":"https:\/\/blognoticias.ecca.edu.es\/","logo":{"@type":"ImageObject","inLanguage":"en-GB","@id":"https:\/\/blognoticias.ecca.edu.es\/#\/schema\/logo\/image\/","url":"https:\/\/blognoticias.ecca.edu.es\/wp-content\/uploads\/2023\/02\/cropped-cropped-cropped-cropped-Logo-Ecca.edu_.png","contentUrl":"https:\/\/blognoticias.ecca.edu.es\/wp-content\/uploads\/2023\/02\/cropped-cropped-cropped-cropped-Logo-Ecca.edu_.png","width":293,"height":45,"caption":"Blog Noticias Ecca"},"image":{"@id":"https:\/\/blognoticias.ecca.edu.es\/#\/schema\/logo\/image\/"},"sameAs":["https:\/\/www.facebook.com\/ecca.edu.es","https:\/\/x.com\/eccaedu","https:\/\/www.instagram.com\/"]},{"@type":"Person","@id":"https:\/\/blognoticias.ecca.edu.es\/#\/schema\/person\/2f67aec1e9c175158bc25ac844a022ce","name":"ECCA","image":{"@type":"ImageObject","inLanguage":"en-GB","@id":"https:\/\/blognoticias.ecca.edu.es\/#\/schema\/person\/image\/","url":"https:\/\/blognoticias.ecca.edu.es\/wp-content\/uploads\/2023\/02\/LOGO-ECCAEDU-1-150x150.png","contentUrl":"https:\/\/blognoticias.ecca.edu.es\/wp-content\/uploads\/2023\/02\/LOGO-ECCAEDU-1-150x150.png","caption":"ECCA"},"sameAs":["https:\/\/blognoticias.ecca.edu.es"],"url":"https:\/\/blognoticias.ecca.edu.es\/en\/author\/admin\/"}]}},"_links":{"self":[{"href":"https:\/\/blognoticias.ecca.edu.es\/en\/wp-json\/wp\/v2\/posts\/3155","targetHints":{"allow":["GET"]}}],"collection":[{"href":"https:\/\/blognoticias.ecca.edu.es\/en\/wp-json\/wp\/v2\/posts"}],"about":[{"href":"https:\/\/blognoticias.ecca.edu.es\/en\/wp-json\/wp\/v2\/types\/post"}],"author":[{"embeddable":true,"href":"https:\/\/blognoticias.ecca.edu.es\/en\/wp-json\/wp\/v2\/users\/1"}],"replies":[{"embeddable":true,"href":"https:\/\/blognoticias.ecca.edu.es\/en\/wp-json\/wp\/v2\/comments?post=3155"}],"version-history":[{"count":2,"href":"https:\/\/blognoticias.ecca.edu.es\/en\/wp-json\/wp\/v2\/posts\/3155\/revisions"}],"predecessor-version":[{"id":4759,"href":"https:\/\/blognoticias.ecca.edu.es\/en\/wp-json\/wp\/v2\/posts\/3155\/revisions\/4759"}],"wp:attachment":[{"href":"https:\/\/blognoticias.ecca.edu.es\/en\/wp-json\/wp\/v2\/media?parent=3155"}],"wp:term":[{"taxonomy":"category","embeddable":true,"href":"https:\/\/blognoticias.ecca.edu.es\/en\/wp-json\/wp\/v2\/categories?post=3155"},{"taxonomy":"post_tag","embeddable":true,"href":"https:\/\/blognoticias.ecca.edu.es\/en\/wp-json\/wp\/v2\/tags?post=3155"}],"curies":[{"name":"wp","href":"https:\/\/api.w.org\/{rel}","templated":true}]}}