{"id":3151,"date":"2022-12-20T13:43:00","date_gmt":"2022-12-20T13:43:00","guid":{"rendered":"https:\/\/blognoticias.ecca.edu.es\/finaliza-la-edicion-2022-del-programa-ellas\/"},"modified":"2022-12-20T13:43:00","modified_gmt":"2022-12-20T13:43:00","slug":"finaliza-la-edicion-2022-del-programa-ellas","status":"publish","type":"post","link":"https:\/\/blognoticias.ecca.edu.es\/en\/finaliza-la-edicion-2022-del-programa-ellas\/","title":{"rendered":"Finaliza la edici\u00f3n 2022 del programa ELLAS"},"content":{"rendered":"<div class='booster-block booster-read-block'>\n                <div class=\"twp-read-time\">\n                \t<i class=\"booster-icon twp-clock\"><\/i> <span>Tiempo de lectura:<\/span>44 Segundos                <\/div>\n\n            <\/div><p style=\"text-align: justify;\"><b>Se acerca el final de este a\u00f1o, y, con \u00e9l, termina una bonita etapa con esta edici\u00f3n anual del Programa ELLAS.<\/b><\/p>\n<p style=\"text-align: justify;\">\n<div style=\"clear: both; text-align: center;\"><a href=\"https:\/\/blogger.googleusercontent.com\/img\/b\/R29vZ2xl\/AVvXsEgSPfs0uUDuJryW70JN-3m8X6wMkBfAxQgGepRfH2w2ZtUeIJCf1Q0ioZJQ7NfYULim64sCmEdNGKK2B18gEV6LcIHMHr1SkpnvOHGNzHvThilojcTNTXIAe5rB9p7xt4KW4IRWvn83cjLbCZQqRUwnPB1ioYEFA0CBBCfWQZ-N8ovt8WHtcUeU1alu\/s878\/PROGRAMA%20ELLAS%20CANARIAS%202022.jpg\" style=\"clear: right; float: right; margin-bottom: 1em; margin-left: 1em;\"><img loading=\"lazy\" decoding=\"async\" border=\"0\" data-original-height=\"878\" data-original-width=\"653\" height=\"268\" src=\"https:\/\/blogger.googleusercontent.com\/img\/b\/R29vZ2xl\/AVvXsEgSPfs0uUDuJryW70JN-3m8X6wMkBfAxQgGepRfH2w2ZtUeIJCf1Q0ioZJQ7NfYULim64sCmEdNGKK2B18gEV6LcIHMHr1SkpnvOHGNzHvThilojcTNTXIAe5rB9p7xt4KW4IRWvn83cjLbCZQqRUwnPB1ioYEFA0CBBCfWQZ-N8ovt8WHtcUeU1alu\/w199-h268\/PROGRAMA%20ELLAS%20CANARIAS%202022.jpg\" width=\"199\" \/><\/a><\/div>\n<p>ELLAS ha acogido a m\u00e1s de 150 mujeres, en la isla de Gran Canaria, Tenerife y La Palma, con el fin de impulsar su crecimiento personal, formativo y de empleabilidad.&nbsp;<\/p>\n<p style=\"text-align: justify;\">Podemos afirmar con entusiasmo que adem\u00e1s de lograrse los objetivos propuestos, se ha llevado a cabo un riguroso trabajo de acompa\u00f1amiento, gu\u00eda, seguimiento, etc., constante que ha creado lazos entre las usuarias y Radio Ecca. Son bastantes las personas que han continuado con su formaci\u00f3n dentro de la entidad creando un nuevo camino educativo en el \u00e1mbito formal.<\/p>\n<p style=\"text-align: justify;\">Gracias a todas y cada una de ellas por formar parte de este trabajo que se empez\u00f3 con alegr\u00eda, esperanza y cari\u00f1o, y se termina con a\u00fan m\u00e1s \u00edmpetu e ilusi\u00f3n de cara al pr\u00f3ximo a\u00f1o.<\/p>\n<p style=\"text-align: justify;\">\u00a1Felices fiestas!<\/p>","protected":false},"excerpt":{"rendered":"<p>Se acerca el final de este a\u00f1o, y, con \u00e9l, termina una bonita etapa con esta edici\u00f3n anual del Programa ELLAS. ELLAS ha acogido a m\u00e1s de 150 mujeres, en la isla de Gran Canaria, Tenerife y La Palma, con el fin de impulsar su crecimiento personal, formativo y de empleabilidad.&nbsp; Podemos afirmar con entusiasmo [&hellip;]<\/p>","protected":false},"author":1,"featured_media":0,"comment_status":"","ping_status":"","sticky":false,"template":"","format":"standard","meta":{"footnotes":""},"categories":[102,103,152,106],"tags":[],"class_list":["post-3151","post","type-post","status-publish","format-standard","hentry","category-comunicacion","category-comunicacion-ecca","category-programa-ellas","category-relevante"],"yoast_head":"<!-- This site is optimized with the Yoast SEO plugin v25.9 - https:\/\/yoast.com\/wordpress\/plugins\/seo\/ -->\n<title>Finaliza la edici\u00f3n 2022 del programa ELLAS<\/title>\n<meta name=\"robots\" content=\"index, follow, max-snippet:-1, max-image-preview:large, max-video-preview:-1\" \/>\n<link rel=\"canonical\" href=\"https:\/\/blognoticias.ecca.edu.es\/en\/finaliza-la-edicion-2022-del-programa-ellas\/\" \/>\n<meta property=\"og:locale\" content=\"en_GB\" \/>\n<meta property=\"og:type\" content=\"article\" \/>\n<meta property=\"og:title\" content=\"Finaliza la edici\u00f3n 2022 del programa ELLAS\" \/>\n<meta property=\"og:description\" content=\"Se acerca el final de este a\u00f1o, y, con \u00e9l, termina una bonita etapa con esta edici\u00f3n anual del Programa ELLAS. ELLAS ha acogido a m\u00e1s de 150 mujeres, en la isla de Gran Canaria, Tenerife y La Palma, con el fin de impulsar su crecimiento personal, formativo y de empleabilidad.&nbsp; Podemos afirmar con entusiasmo [&hellip;]\" \/>\n<meta property=\"og:url\" content=\"https:\/\/blognoticias.ecca.edu.es\/en\/finaliza-la-edicion-2022-del-programa-ellas\/\" \/>\n<meta property=\"og:site_name\" content=\"Blog Noticias Ecca\" \/>\n<meta property=\"article:publisher\" content=\"https:\/\/www.facebook.com\/ecca.edu.es\" \/>\n<meta property=\"article:published_time\" content=\"2022-12-20T13:43:00+00:00\" \/>\n<meta property=\"og:image\" content=\"https:\/\/blogger.googleusercontent.com\/img\/b\/R29vZ2xl\/AVvXsEgSPfs0uUDuJryW70JN-3m8X6wMkBfAxQgGepRfH2w2ZtUeIJCf1Q0ioZJQ7NfYULim64sCmEdNGKK2B18gEV6LcIHMHr1SkpnvOHGNzHvThilojcTNTXIAe5rB9p7xt4KW4IRWvn83cjLbCZQqRUwnPB1ioYEFA0CBBCfWQZ-N8ovt8WHtcUeU1alu\/w199-h268\/PROGRAMA%20ELLAS%20CANARIAS%202022.jpg\" \/>\n<meta name=\"author\" content=\"ECCA\" \/>\n<meta name=\"twitter:card\" content=\"summary_large_image\" \/>\n<meta name=\"twitter:creator\" content=\"@eccaedu\" \/>\n<meta name=\"twitter:site\" content=\"@eccaedu\" \/>\n<meta name=\"twitter:label1\" content=\"Written by\" \/>\n\t<meta name=\"twitter:data1\" content=\"ECCA\" \/>\n\t<meta name=\"twitter:label2\" content=\"Estimated reading time\" \/>\n\t<meta name=\"twitter:data2\" content=\"1 minute\" \/>\n<script type=\"application\/ld+json\" class=\"yoast-schema-graph\">{\"@context\":\"https:\/\/schema.org\",\"@graph\":[{\"@type\":\"Article\",\"@id\":\"https:\/\/blognoticias.ecca.edu.es\/finaliza-la-edicion-2022-del-programa-ellas\/#article\",\"isPartOf\":{\"@id\":\"https:\/\/blognoticias.ecca.edu.es\/finaliza-la-edicion-2022-del-programa-ellas\/\"},\"author\":{\"name\":\"ECCA\",\"@id\":\"https:\/\/blognoticias.ecca.edu.es\/#\/schema\/person\/2f67aec1e9c175158bc25ac844a022ce\"},\"headline\":\"Finaliza la edici\u00f3n 2022 del programa ELLAS\",\"datePublished\":\"2022-12-20T13:43:00+00:00\",\"mainEntityOfPage\":{\"@id\":\"https:\/\/blognoticias.ecca.edu.es\/finaliza-la-edicion-2022-del-programa-ellas\/\"},\"wordCount\":168,\"publisher\":{\"@id\":\"https:\/\/blognoticias.ecca.edu.es\/#organization\"},\"image\":{\"@id\":\"https:\/\/blognoticias.ecca.edu.es\/finaliza-la-edicion-2022-del-programa-ellas\/#primaryimage\"},\"thumbnailUrl\":\"https:\/\/blogger.googleusercontent.com\/img\/b\/R29vZ2xl\/AVvXsEgSPfs0uUDuJryW70JN-3m8X6wMkBfAxQgGepRfH2w2ZtUeIJCf1Q0ioZJQ7NfYULim64sCmEdNGKK2B18gEV6LcIHMHr1SkpnvOHGNzHvThilojcTNTXIAe5rB9p7xt4KW4IRWvn83cjLbCZQqRUwnPB1ioYEFA0CBBCfWQZ-N8ovt8WHtcUeU1alu\/w199-h268\/PROGRAMA%20ELLAS%20CANARIAS%202022.jpg\",\"articleSection\":[\"Comunicaci\u00f3n\",\"Comunicaci\u00f3n ECCA\",\"programa ELLAS\",\"Relevante\"],\"inLanguage\":\"en-GB\"},{\"@type\":\"WebPage\",\"@id\":\"https:\/\/blognoticias.ecca.edu.es\/finaliza-la-edicion-2022-del-programa-ellas\/\",\"url\":\"https:\/\/blognoticias.ecca.edu.es\/finaliza-la-edicion-2022-del-programa-ellas\/\",\"name\":\"Finaliza la edici\u00f3n 2022 del programa ELLAS\",\"isPartOf\":{\"@id\":\"https:\/\/blognoticias.ecca.edu.es\/#website\"},\"primaryImageOfPage\":{\"@id\":\"https:\/\/blognoticias.ecca.edu.es\/finaliza-la-edicion-2022-del-programa-ellas\/#primaryimage\"},\"image\":{\"@id\":\"https:\/\/blognoticias.ecca.edu.es\/finaliza-la-edicion-2022-del-programa-ellas\/#primaryimage\"},\"thumbnailUrl\":\"https:\/\/blogger.googleusercontent.com\/img\/b\/R29vZ2xl\/AVvXsEgSPfs0uUDuJryW70JN-3m8X6wMkBfAxQgGepRfH2w2ZtUeIJCf1Q0ioZJQ7NfYULim64sCmEdNGKK2B18gEV6LcIHMHr1SkpnvOHGNzHvThilojcTNTXIAe5rB9p7xt4KW4IRWvn83cjLbCZQqRUwnPB1ioYEFA0CBBCfWQZ-N8ovt8WHtcUeU1alu\/w199-h268\/PROGRAMA%20ELLAS%20CANARIAS%202022.jpg\",\"datePublished\":\"2022-12-20T13:43:00+00:00\",\"breadcrumb\":{\"@id\":\"https:\/\/blognoticias.ecca.edu.es\/finaliza-la-edicion-2022-del-programa-ellas\/#breadcrumb\"},\"inLanguage\":\"en-GB\",\"potentialAction\":[{\"@type\":\"ReadAction\",\"target\":[\"https:\/\/blognoticias.ecca.edu.es\/finaliza-la-edicion-2022-del-programa-ellas\/\"]}]},{\"@type\":\"ImageObject\",\"inLanguage\":\"en-GB\",\"@id\":\"https:\/\/blognoticias.ecca.edu.es\/finaliza-la-edicion-2022-del-programa-ellas\/#primaryimage\",\"url\":\"https:\/\/blogger.googleusercontent.com\/img\/b\/R29vZ2xl\/AVvXsEgSPfs0uUDuJryW70JN-3m8X6wMkBfAxQgGepRfH2w2ZtUeIJCf1Q0ioZJQ7NfYULim64sCmEdNGKK2B18gEV6LcIHMHr1SkpnvOHGNzHvThilojcTNTXIAe5rB9p7xt4KW4IRWvn83cjLbCZQqRUwnPB1ioYEFA0CBBCfWQZ-N8ovt8WHtcUeU1alu\/w199-h268\/PROGRAMA%20ELLAS%20CANARIAS%202022.jpg\",\"contentUrl\":\"https:\/\/blogger.googleusercontent.com\/img\/b\/R29vZ2xl\/AVvXsEgSPfs0uUDuJryW70JN-3m8X6wMkBfAxQgGepRfH2w2ZtUeIJCf1Q0ioZJQ7NfYULim64sCmEdNGKK2B18gEV6LcIHMHr1SkpnvOHGNzHvThilojcTNTXIAe5rB9p7xt4KW4IRWvn83cjLbCZQqRUwnPB1ioYEFA0CBBCfWQZ-N8ovt8WHtcUeU1alu\/w199-h268\/PROGRAMA%20ELLAS%20CANARIAS%202022.jpg\"},{\"@type\":\"BreadcrumbList\",\"@id\":\"https:\/\/blognoticias.ecca.edu.es\/finaliza-la-edicion-2022-del-programa-ellas\/#breadcrumb\",\"itemListElement\":[{\"@type\":\"ListItem\",\"position\":1,\"name\":\"Portada\",\"item\":\"https:\/\/blognoticias.ecca.edu.es\/\"},{\"@type\":\"ListItem\",\"position\":2,\"name\":\"Finaliza la edici\u00f3n 2022 del programa ELLAS\"}]},{\"@type\":\"WebSite\",\"@id\":\"https:\/\/blognoticias.ecca.edu.es\/#website\",\"url\":\"https:\/\/blognoticias.ecca.edu.es\/\",\"name\":\"Blog Noticias Ecca\",\"description\":\"\",\"publisher\":{\"@id\":\"https:\/\/blognoticias.ecca.edu.es\/#organization\"},\"potentialAction\":[{\"@type\":\"SearchAction\",\"target\":{\"@type\":\"EntryPoint\",\"urlTemplate\":\"https:\/\/blognoticias.ecca.edu.es\/?s={search_term_string}\"},\"query-input\":{\"@type\":\"PropertyValueSpecification\",\"valueRequired\":true,\"valueName\":\"search_term_string\"}}],\"inLanguage\":\"en-GB\"},{\"@type\":\"Organization\",\"@id\":\"https:\/\/blognoticias.ecca.edu.es\/#organization\",\"name\":\"Blog Noticias Ecca\",\"url\":\"https:\/\/blognoticias.ecca.edu.es\/\",\"logo\":{\"@type\":\"ImageObject\",\"inLanguage\":\"en-GB\",\"@id\":\"https:\/\/blognoticias.ecca.edu.es\/#\/schema\/logo\/image\/\",\"url\":\"https:\/\/blognoticias.ecca.edu.es\/wp-content\/uploads\/2023\/02\/cropped-cropped-cropped-cropped-Logo-Ecca.edu_.png\",\"contentUrl\":\"https:\/\/blognoticias.ecca.edu.es\/wp-content\/uploads\/2023\/02\/cropped-cropped-cropped-cropped-Logo-Ecca.edu_.png\",\"width\":293,\"height\":45,\"caption\":\"Blog Noticias Ecca\"},\"image\":{\"@id\":\"https:\/\/blognoticias.ecca.edu.es\/#\/schema\/logo\/image\/\"},\"sameAs\":[\"https:\/\/www.facebook.com\/ecca.edu.es\",\"https:\/\/x.com\/eccaedu\",\"https:\/\/www.instagram.com\/\"]},{\"@type\":\"Person\",\"@id\":\"https:\/\/blognoticias.ecca.edu.es\/#\/schema\/person\/2f67aec1e9c175158bc25ac844a022ce\",\"name\":\"ECCA\",\"image\":{\"@type\":\"ImageObject\",\"inLanguage\":\"en-GB\",\"@id\":\"https:\/\/blognoticias.ecca.edu.es\/#\/schema\/person\/image\/\",\"url\":\"https:\/\/blognoticias.ecca.edu.es\/wp-content\/uploads\/2023\/02\/LOGO-ECCAEDU-1-150x150.png\",\"contentUrl\":\"https:\/\/blognoticias.ecca.edu.es\/wp-content\/uploads\/2023\/02\/LOGO-ECCAEDU-1-150x150.png\",\"caption\":\"ECCA\"},\"sameAs\":[\"https:\/\/blognoticias.ecca.edu.es\"],\"url\":\"https:\/\/blognoticias.ecca.edu.es\/en\/author\/admin\/\"}]}<\/script>\n<!-- \/ Yoast SEO plugin. -->","yoast_head_json":{"title":"Finaliza la edici\u00f3n 2022 del programa ELLAS","robots":{"index":"index","follow":"follow","max-snippet":"max-snippet:-1","max-image-preview":"max-image-preview:large","max-video-preview":"max-video-preview:-1"},"canonical":"https:\/\/blognoticias.ecca.edu.es\/en\/finaliza-la-edicion-2022-del-programa-ellas\/","og_locale":"en_GB","og_type":"article","og_title":"Finaliza la edici\u00f3n 2022 del programa ELLAS","og_description":"Se acerca el final de este a\u00f1o, y, con \u00e9l, termina una bonita etapa con esta edici\u00f3n anual del Programa ELLAS. ELLAS ha acogido a m\u00e1s de 150 mujeres, en la isla de Gran Canaria, Tenerife y La Palma, con el fin de impulsar su crecimiento personal, formativo y de empleabilidad.&nbsp; Podemos afirmar con entusiasmo [&hellip;]","og_url":"https:\/\/blognoticias.ecca.edu.es\/en\/finaliza-la-edicion-2022-del-programa-ellas\/","og_site_name":"Blog Noticias Ecca","article_publisher":"https:\/\/www.facebook.com\/ecca.edu.es","article_published_time":"2022-12-20T13:43:00+00:00","og_image":[{"url":"https:\/\/blogger.googleusercontent.com\/img\/b\/R29vZ2xl\/AVvXsEgSPfs0uUDuJryW70JN-3m8X6wMkBfAxQgGepRfH2w2ZtUeIJCf1Q0ioZJQ7NfYULim64sCmEdNGKK2B18gEV6LcIHMHr1SkpnvOHGNzHvThilojcTNTXIAe5rB9p7xt4KW4IRWvn83cjLbCZQqRUwnPB1ioYEFA0CBBCfWQZ-N8ovt8WHtcUeU1alu\/w199-h268\/PROGRAMA%20ELLAS%20CANARIAS%202022.jpg","type":"","width":"","height":""}],"author":"ECCA","twitter_card":"summary_large_image","twitter_creator":"@eccaedu","twitter_site":"@eccaedu","twitter_misc":{"Written by":"ECCA","Estimated reading time":"1 minute"},"schema":{"@context":"https:\/\/schema.org","@graph":[{"@type":"Article","@id":"https:\/\/blognoticias.ecca.edu.es\/finaliza-la-edicion-2022-del-programa-ellas\/#article","isPartOf":{"@id":"https:\/\/blognoticias.ecca.edu.es\/finaliza-la-edicion-2022-del-programa-ellas\/"},"author":{"name":"ECCA","@id":"https:\/\/blognoticias.ecca.edu.es\/#\/schema\/person\/2f67aec1e9c175158bc25ac844a022ce"},"headline":"Finaliza la edici\u00f3n 2022 del programa ELLAS","datePublished":"2022-12-20T13:43:00+00:00","mainEntityOfPage":{"@id":"https:\/\/blognoticias.ecca.edu.es\/finaliza-la-edicion-2022-del-programa-ellas\/"},"wordCount":168,"publisher":{"@id":"https:\/\/blognoticias.ecca.edu.es\/#organization"},"image":{"@id":"https:\/\/blognoticias.ecca.edu.es\/finaliza-la-edicion-2022-del-programa-ellas\/#primaryimage"},"thumbnailUrl":"https:\/\/blogger.googleusercontent.com\/img\/b\/R29vZ2xl\/AVvXsEgSPfs0uUDuJryW70JN-3m8X6wMkBfAxQgGepRfH2w2ZtUeIJCf1Q0ioZJQ7NfYULim64sCmEdNGKK2B18gEV6LcIHMHr1SkpnvOHGNzHvThilojcTNTXIAe5rB9p7xt4KW4IRWvn83cjLbCZQqRUwnPB1ioYEFA0CBBCfWQZ-N8ovt8WHtcUeU1alu\/w199-h268\/PROGRAMA%20ELLAS%20CANARIAS%202022.jpg","articleSection":["Comunicaci\u00f3n","Comunicaci\u00f3n ECCA","programa ELLAS","Relevante"],"inLanguage":"en-GB"},{"@type":"WebPage","@id":"https:\/\/blognoticias.ecca.edu.es\/finaliza-la-edicion-2022-del-programa-ellas\/","url":"https:\/\/blognoticias.ecca.edu.es\/finaliza-la-edicion-2022-del-programa-ellas\/","name":"Finaliza la edici\u00f3n 2022 del programa ELLAS","isPartOf":{"@id":"https:\/\/blognoticias.ecca.edu.es\/#website"},"primaryImageOfPage":{"@id":"https:\/\/blognoticias.ecca.edu.es\/finaliza-la-edicion-2022-del-programa-ellas\/#primaryimage"},"image":{"@id":"https:\/\/blognoticias.ecca.edu.es\/finaliza-la-edicion-2022-del-programa-ellas\/#primaryimage"},"thumbnailUrl":"https:\/\/blogger.googleusercontent.com\/img\/b\/R29vZ2xl\/AVvXsEgSPfs0uUDuJryW70JN-3m8X6wMkBfAxQgGepRfH2w2ZtUeIJCf1Q0ioZJQ7NfYULim64sCmEdNGKK2B18gEV6LcIHMHr1SkpnvOHGNzHvThilojcTNTXIAe5rB9p7xt4KW4IRWvn83cjLbCZQqRUwnPB1ioYEFA0CBBCfWQZ-N8ovt8WHtcUeU1alu\/w199-h268\/PROGRAMA%20ELLAS%20CANARIAS%202022.jpg","datePublished":"2022-12-20T13:43:00+00:00","breadcrumb":{"@id":"https:\/\/blognoticias.ecca.edu.es\/finaliza-la-edicion-2022-del-programa-ellas\/#breadcrumb"},"inLanguage":"en-GB","potentialAction":[{"@type":"ReadAction","target":["https:\/\/blognoticias.ecca.edu.es\/finaliza-la-edicion-2022-del-programa-ellas\/"]}]},{"@type":"ImageObject","inLanguage":"en-GB","@id":"https:\/\/blognoticias.ecca.edu.es\/finaliza-la-edicion-2022-del-programa-ellas\/#primaryimage","url":"https:\/\/blogger.googleusercontent.com\/img\/b\/R29vZ2xl\/AVvXsEgSPfs0uUDuJryW70JN-3m8X6wMkBfAxQgGepRfH2w2ZtUeIJCf1Q0ioZJQ7NfYULim64sCmEdNGKK2B18gEV6LcIHMHr1SkpnvOHGNzHvThilojcTNTXIAe5rB9p7xt4KW4IRWvn83cjLbCZQqRUwnPB1ioYEFA0CBBCfWQZ-N8ovt8WHtcUeU1alu\/w199-h268\/PROGRAMA%20ELLAS%20CANARIAS%202022.jpg","contentUrl":"https:\/\/blogger.googleusercontent.com\/img\/b\/R29vZ2xl\/AVvXsEgSPfs0uUDuJryW70JN-3m8X6wMkBfAxQgGepRfH2w2ZtUeIJCf1Q0ioZJQ7NfYULim64sCmEdNGKK2B18gEV6LcIHMHr1SkpnvOHGNzHvThilojcTNTXIAe5rB9p7xt4KW4IRWvn83cjLbCZQqRUwnPB1ioYEFA0CBBCfWQZ-N8ovt8WHtcUeU1alu\/w199-h268\/PROGRAMA%20ELLAS%20CANARIAS%202022.jpg"},{"@type":"BreadcrumbList","@id":"https:\/\/blognoticias.ecca.edu.es\/finaliza-la-edicion-2022-del-programa-ellas\/#breadcrumb","itemListElement":[{"@type":"ListItem","position":1,"name":"Portada","item":"https:\/\/blognoticias.ecca.edu.es\/"},{"@type":"ListItem","position":2,"name":"Finaliza la edici\u00f3n 2022 del programa ELLAS"}]},{"@type":"WebSite","@id":"https:\/\/blognoticias.ecca.edu.es\/#website","url":"https:\/\/blognoticias.ecca.edu.es\/","name":"Blog Noticias Ecca","description":"","publisher":{"@id":"https:\/\/blognoticias.ecca.edu.es\/#organization"},"potentialAction":[{"@type":"SearchAction","target":{"@type":"EntryPoint","urlTemplate":"https:\/\/blognoticias.ecca.edu.es\/?s={search_term_string}"},"query-input":{"@type":"PropertyValueSpecification","valueRequired":true,"valueName":"search_term_string"}}],"inLanguage":"en-GB"},{"@type":"Organization","@id":"https:\/\/blognoticias.ecca.edu.es\/#organization","name":"Blog Noticias Ecca","url":"https:\/\/blognoticias.ecca.edu.es\/","logo":{"@type":"ImageObject","inLanguage":"en-GB","@id":"https:\/\/blognoticias.ecca.edu.es\/#\/schema\/logo\/image\/","url":"https:\/\/blognoticias.ecca.edu.es\/wp-content\/uploads\/2023\/02\/cropped-cropped-cropped-cropped-Logo-Ecca.edu_.png","contentUrl":"https:\/\/blognoticias.ecca.edu.es\/wp-content\/uploads\/2023\/02\/cropped-cropped-cropped-cropped-Logo-Ecca.edu_.png","width":293,"height":45,"caption":"Blog Noticias Ecca"},"image":{"@id":"https:\/\/blognoticias.ecca.edu.es\/#\/schema\/logo\/image\/"},"sameAs":["https:\/\/www.facebook.com\/ecca.edu.es","https:\/\/x.com\/eccaedu","https:\/\/www.instagram.com\/"]},{"@type":"Person","@id":"https:\/\/blognoticias.ecca.edu.es\/#\/schema\/person\/2f67aec1e9c175158bc25ac844a022ce","name":"ECCA","image":{"@type":"ImageObject","inLanguage":"en-GB","@id":"https:\/\/blognoticias.ecca.edu.es\/#\/schema\/person\/image\/","url":"https:\/\/blognoticias.ecca.edu.es\/wp-content\/uploads\/2023\/02\/LOGO-ECCAEDU-1-150x150.png","contentUrl":"https:\/\/blognoticias.ecca.edu.es\/wp-content\/uploads\/2023\/02\/LOGO-ECCAEDU-1-150x150.png","caption":"ECCA"},"sameAs":["https:\/\/blognoticias.ecca.edu.es"],"url":"https:\/\/blognoticias.ecca.edu.es\/en\/author\/admin\/"}]}},"_links":{"self":[{"href":"https:\/\/blognoticias.ecca.edu.es\/en\/wp-json\/wp\/v2\/posts\/3151","targetHints":{"allow":["GET"]}}],"collection":[{"href":"https:\/\/blognoticias.ecca.edu.es\/en\/wp-json\/wp\/v2\/posts"}],"about":[{"href":"https:\/\/blognoticias.ecca.edu.es\/en\/wp-json\/wp\/v2\/types\/post"}],"author":[{"embeddable":true,"href":"https:\/\/blognoticias.ecca.edu.es\/en\/wp-json\/wp\/v2\/users\/1"}],"replies":[{"embeddable":true,"href":"https:\/\/blognoticias.ecca.edu.es\/en\/wp-json\/wp\/v2\/comments?post=3151"}],"version-history":[{"count":0,"href":"https:\/\/blognoticias.ecca.edu.es\/en\/wp-json\/wp\/v2\/posts\/3151\/revisions"}],"wp:attachment":[{"href":"https:\/\/blognoticias.ecca.edu.es\/en\/wp-json\/wp\/v2\/media?parent=3151"}],"wp:term":[{"taxonomy":"category","embeddable":true,"href":"https:\/\/blognoticias.ecca.edu.es\/en\/wp-json\/wp\/v2\/categories?post=3151"},{"taxonomy":"post_tag","embeddable":true,"href":"https:\/\/blognoticias.ecca.edu.es\/en\/wp-json\/wp\/v2\/tags?post=3151"}],"curies":[{"name":"wp","href":"https:\/\/api.w.org\/{rel}","templated":true}]}}